{"id":9721,"date":"2024-09-26T16:25:15","date_gmt":"2024-09-26T23:25:15","guid":{"rendered":"http:\/\/treintadias.com.mx\/?p=9721"},"modified":"2024-09-26T16:25:15","modified_gmt":"2024-09-26T23:25:15","slug":"realizara-registro-civil-jornada-para-dar-identidad-oficial-a-menores-en-hermosillo","status":"publish","type":"post","link":"http:\/\/treintadias.com.mx\/?p=9721","title":{"rendered":"Realizar\u00e1 Registro Civil jornada para dar identidad oficial a menores en Hermosillo"},"content":{"rendered":"<p align=\"left\">El Registro Civil Sonora invita a los hermosillenses a la jornada de registro de menores que se llevar\u00e1 a cabo en el Anfiteatro del Centro de Gobierno, el pr\u00f3ximo s\u00e1bado 28 de septiembre, de 8:00 a 13:00 horas.<\/p>\n<p align=\"left\">El evento tiene como objetivo el incentivar el registro de nacimiento universal, gratuito y oportuno en la capital del estado y sus zonas circunvecinas.<\/p>\n<p align=\"left\">Los interesados deber\u00e1n acudir con el Aviso de nacimiento, las actas e identificaciones de los padres, acudir ambos padres y el menor que desean registrar y en caso de que el beb\u00e9 tenga m\u00e1s de seis meses, deben contar con el Certificado de Inexistencia.<\/p>\n<p align=\"left\">Asimismo, la dependencia dio a conocer que se instalar\u00e1n m\u00f3dulos del Registro Civil en hospitales de Guaymas, Navojoa, Nogales, Hermosillo y San Luis R\u00edo Colorado, de septiembre a diciembre, para fomentar el registro de menores desde el alumbramiento.<\/p>\n","protected":false},"excerpt":{"rendered":"<p>El Registro Civil Sonora invita a los hermosillenses a la jornada de registro de menores que se llevar\u00e1 a cabo en el Anfiteatro del Centro de Gobierno, el pr\u00f3ximo s\u00e1bado 28 de septiembre, de 8:00 a 13:00 horas. El evento tiene como objetivo el incentivar el registro de nacimiento universal, gratuito y oportuno en la capital del estado y sus zonas circunvecinas. Los interesados deber\u00e1n acudir con el Aviso de nacimiento, las actas e identificaciones de los padres, acudir ambos padres y el menor que desean registrar y en caso de que el beb\u00e9 tenga m\u00e1s de seis meses, deben&#8230;  <a class=\"excerpt-read-more\" href=\"http:\/\/treintadias.com.mx\/?p=9721\" title=\"Leer Realizar\u00e1 Registro Civil jornada para dar identidad oficial a menores en Hermosillo\">Seguir leyendo &raquo;<\/a><\/p>\n","protected":false},"author":1,"featured_media":9722,"comment_status":"open","ping_status":"open","sticky":false,"template":"","format":"standard","meta":[],"categories":[39],"tags":[],"_links":{"self":[{"href":"http:\/\/treintadias.com.mx\/index.php?rest_route=\/wp\/v2\/posts\/9721"}],"collection":[{"href":"http:\/\/treintadias.com.mx\/index.php?rest_route=\/wp\/v2\/posts"}],"about":[{"href":"http:\/\/treintadias.com.mx\/index.php?rest_route=\/wp\/v2\/types\/post"}],"author":[{"embeddable":true,"href":"http:\/\/treintadias.com.mx\/index.php?rest_route=\/wp\/v2\/users\/1"}],"replies":[{"embeddable":true,"href":"http:\/\/treintadias.com.mx\/index.php?rest_route=%2Fwp%2Fv2%2Fcomments&post=9721"}],"version-history":[{"count":1,"href":"http:\/\/treintadias.com.mx\/index.php?rest_route=\/wp\/v2\/posts\/9721\/revisions"}],"predecessor-version":[{"id":9723,"href":"http:\/\/treintadias.com.mx\/index.php?rest_route=\/wp\/v2\/posts\/9721\/revisions\/9723"}],"wp:featuredmedia":[{"embeddable":true,"href":"http:\/\/treintadias.com.mx\/index.php?rest_route=\/wp\/v2\/media\/9722"}],"wp:attachment":[{"href":"http:\/\/treintadias.com.mx\/index.php?rest_route=%2Fwp%2Fv2%2Fmedia&parent=9721"}],"wp:term":[{"taxonomy":"category","embeddable":true,"href":"http:\/\/treintadias.com.mx\/index.php?rest_route=%2Fwp%2Fv2%2Fcategories&post=9721"},{"taxonomy":"post_tag","embeddable":true,"href":"http:\/\/treintadias.com.mx\/index.php?rest_route=%2Fwp%2Fv2%2Ftags&post=9721"}],"curies":[{"name":"wp","href":"https:\/\/api.w.org\/{rel}","templated":true}]}}