{"id":9601,"date":"2024-08-23T13:21:13","date_gmt":"2024-08-23T20:21:13","guid":{"rendered":"http:\/\/treintadias.com.mx\/?p=9601"},"modified":"2024-08-23T13:21:13","modified_gmt":"2024-08-23T20:21:13","slug":"premian-patty-ruibal-y-tono-astiazaran-a-ganadores-de-desafio-incluyente","status":"publish","type":"post","link":"http:\/\/treintadias.com.mx\/?p=9601","title":{"rendered":"Premian Patty Ruibal y To\u00f1o Astiazar\u00e1n a ganadores de Desaf\u00edo Incluyente"},"content":{"rendered":"<p><strong><em>Luego de emocionante competencia que visibiliza el esfuerzo de emprendedores con discapacidad y sus cuidadores<\/em><\/strong><\/p>\n<p>El Presidente Municipal, Antonio Astiazar\u00e1n Guti\u00e9rrez, y su esposa Patricia Ruibal Zaragoza, premiaron a los ganadores de la segunda edici\u00f3n de Desaf\u00edo Incluyente, competencia para emprendedores con discapacidad o cuidadores de personas con discapacidad.<\/p>\n<p>Para visibilizar el esfuerzo de personas con alguna discapacidad que tienen alguna empresa o emprendimiento organizaron el concurso DIF Hermosillo con la asesor\u00eda y capacitaci\u00f3n por parte de la Agencia Municipal de Desarrollo Econ\u00f3mico (AMDE).<\/p>\n<p><em>\u201cQueremos decirles, de todo coraz\u00f3n, que estamos muy orgullosas y muy orgullosos de ustedes; As\u00ed es que sigan echando muchas ganas y sigan sobre todo poniendo muy en alto el talento que ustedes tienen, porque si algo nos sobra la H es talento y es momento de que la H suene m\u00e1s fuerte que nunca\u201d<\/em>, expres\u00f3 To\u00f1o Astiazar\u00e1n.<\/p>\n<p>La Presidenta de DIF Hermosillo, Patty Ruibal, coment\u00f3 que tienen un gran compromiso como Gobierno \u00a0Municipal con las personas que viven discapacidad, con sus familias y con aquellas personas que los cuidan.<\/p>\n<p>Se realiz\u00f3 el evento magistral en las instalaciones de CRIT Sonora, donde de los 10 finalistas de 35 que se inscribieron, 5 fueron de la categor\u00eda emprendedores con discapacidad y 5 emprendedores al cuidado de una persona con discapacidad.<\/p>\n<p>Ellos y ellas desarrollaron su pitch para competir por una bolsa de m\u00e1s de 150 mil pesos en premios.<\/p>\n<p>En ambas categor\u00edas los finalistas tuvieron 5 minutos para presentar su emprendimiento, posteriormente se tuvieron 5 minutos de preguntas y respuestas por parte del jurado.<\/p>\n<p>Estuvieron Gertie Agraz, directora de la Agencia Municipal de Desarrollo Econ\u00f3mico, AMDE, Juan Carlos Corrales D\u00f3rame, encargado de despacho de DIF Hermosillo; Omar Guti\u00e9rrez, director del Centro Municipal del Emprendedor; Jeanette Molina, directora de COMUDIS; los empresarios como jurado Javier Coppel, Jennifer Ballesteros Mar\u00eda Georgina Villegas y Miguel P\u00e9rez; as\u00ed como Amina\u00edn Ter\u00e1n, presidente de Canacope.<\/p>\n<p><strong>DATOS:<\/strong><\/p>\n<p><em>Ganadores de la categor\u00eda de Cuidadores de personas con discapacidad:<\/em><\/p>\n<p>Primer lugar: Manos Brillantes<br \/>\nSegundo lugar: Ambig\u00fa Gourmet<br \/>\nTercer lugar: Aventuras de Benjam\u00edn<\/p>\n<p><em>Ganadores de la categor\u00eda personas con discapacidad:<\/em><\/p>\n<p>Primer lugar: Clarivelas- Claribel Herrera<br \/>\nSegundo lugar: Kids Zone<br \/>\nTercer lugar: La Comadre Vaquetona<\/p>\n<p><strong>FINALISTAS, DESAF\u00cdO INCLUYENTE SEGUNDA EDICI\u00d3N 2024:<\/strong><\/p>\n<p><em>CATEGOR\u00cdA: \u201cPERSONAS CON DISCAPACIDAD\u201d<\/em><\/p>\n<p>1. Ram\u00f3n Arcadio Quijada \u2013 Productos Regionales El Monny- Persona invidente que fabrica Machaca, carne seca, mieles y Coyotas-<br \/>\n2. Adri\u00e1n Eduardo Rios \u2013 Kids Zone (Art and Craft) qui\u00e9n \u00a0tiene discapacidad auditiva- Caballetes, figuras de yeso, pinta caritas y vestuario del personaje de elecci\u00f3n.<br \/>\n3. Claudia Guadalupe Valencia \u2013 La Comadre Vaquetona- Tiene Escoliosis cong\u00e9nita- Productos regionales como galletas y cremas de bacanora<br \/>\n4. Melanie Alesia Ochoa \u2013 Snacks Bukis- Alimentos saludables artesanales<br \/>\n5. Claribel Herrera &#8211; Clarivelas- con discapacidad motriz- Fabrica Velas artesanales para eventos<\/p>\n<p><em>CATEGOR\u00cdA: \u201cCUIDADORES DE PERSONAS CON DISCAPACIDAD\u201d<\/em><\/p>\n<p>1. Danitza Adilene Mc Cormick \u2013 DM Creaciones- Invitaciones, tarjetas, etiquetas, centros de mesa, dulceros\u2026<br \/>\n2. Gladis Fabiola Armenta \u2013 Chefcito de Coraz\u00f3n- Cursos de reposter\u00eda saludable para ni\u00f1os con autismo<br \/>\n3. Alejandra Castellanos \u2013 Las Aventuras de Benjam\u00edn- Cuento para explicar de manera f\u00e1cil la discapacidad para casa e instituciones<br \/>\n4. Lourdes Mar\u00eda Candelaria \u00c1vila- Comida Ambig\u00fa Gourmet- catering y banquetes- Tiene un hijo con Asperger<br \/>\n5. Karina Ayerin Varela \u2013 \u00a0Reposter\u00eda Manos Brillantes- tiene un hijo con discapacidad auditiva- Elabora pan bagel dulce y salado.<\/p>\n<p>Se tuvo la din\u00e1mica del People Choice Award de redes sociales, con votaciones en tiempo real sali\u00f3 ganador el proyecto Aventuras de Benjam\u00edn; y tambi\u00e9n gan\u00f3 el People Choice Award del evento.<\/p>\n<div><\/div>\n<div>Liga de video:<\/div>\n<div><a href=\"https:\/\/we.tl\/t-LfUOaEVY4A\" target=\"_blank\" rel=\"noopener\" data-saferedirecturl=\"https:\/\/www.google.com\/url?q=https:\/\/we.tl\/t-LfUOaEVY4A&amp;source=gmail&amp;ust=1724530714629000&amp;usg=AOvVaw2Jedy6oeZORG7VGg1PURGi\">https:\/\/we.tl\/t-LfUOaEVY4A<\/a><\/div>\n","protected":false},"excerpt":{"rendered":"<p>Luego de emocionante competencia que visibiliza el esfuerzo de emprendedores con discapacidad y sus cuidadores El Presidente Municipal, Antonio Astiazar\u00e1n Guti\u00e9rrez, y su esposa Patricia Ruibal Zaragoza, premiaron a los ganadores de la segunda edici\u00f3n de Desaf\u00edo Incluyente, competencia para emprendedores con discapacidad o cuidadores de personas con discapacidad. Para visibilizar el esfuerzo de personas con alguna discapacidad que tienen alguna empresa o emprendimiento organizaron el concurso DIF Hermosillo con la asesor\u00eda y capacitaci\u00f3n por parte de la Agencia Municipal de Desarrollo Econ\u00f3mico (AMDE). \u201cQueremos decirles, de todo coraz\u00f3n, que estamos muy orgullosas y muy orgullosos de ustedes; As\u00ed es&#8230;  <a class=\"excerpt-read-more\" href=\"http:\/\/treintadias.com.mx\/?p=9601\" title=\"Leer Premian Patty Ruibal y To\u00f1o Astiazar\u00e1n a ganadores de Desaf\u00edo Incluyente\">Seguir leyendo &raquo;<\/a><\/p>\n","protected":false},"author":1,"featured_media":9602,"comment_status":"open","ping_status":"open","sticky":false,"template":"","format":"standard","meta":[],"categories":[39,7],"tags":[],"_links":{"self":[{"href":"http:\/\/treintadias.com.mx\/index.php?rest_route=\/wp\/v2\/posts\/9601"}],"collection":[{"href":"http:\/\/treintadias.com.mx\/index.php?rest_route=\/wp\/v2\/posts"}],"about":[{"href":"http:\/\/treintadias.com.mx\/index.php?rest_route=\/wp\/v2\/types\/post"}],"author":[{"embeddable":true,"href":"http:\/\/treintadias.com.mx\/index.php?rest_route=\/wp\/v2\/users\/1"}],"replies":[{"embeddable":true,"href":"http:\/\/treintadias.com.mx\/index.php?rest_route=%2Fwp%2Fv2%2Fcomments&post=9601"}],"version-history":[{"count":1,"href":"http:\/\/treintadias.com.mx\/index.php?rest_route=\/wp\/v2\/posts\/9601\/revisions"}],"predecessor-version":[{"id":9603,"href":"http:\/\/treintadias.com.mx\/index.php?rest_route=\/wp\/v2\/posts\/9601\/revisions\/9603"}],"wp:featuredmedia":[{"embeddable":true,"href":"http:\/\/treintadias.com.mx\/index.php?rest_route=\/wp\/v2\/media\/9602"}],"wp:attachment":[{"href":"http:\/\/treintadias.com.mx\/index.php?rest_route=%2Fwp%2Fv2%2Fmedia&parent=9601"}],"wp:term":[{"taxonomy":"category","embeddable":true,"href":"http:\/\/treintadias.com.mx\/index.php?rest_route=%2Fwp%2Fv2%2Fcategories&post=9601"},{"taxonomy":"post_tag","embeddable":true,"href":"http:\/\/treintadias.com.mx\/index.php?rest_route=%2Fwp%2Fv2%2Ftags&post=9601"}],"curies":[{"name":"wp","href":"https:\/\/api.w.org\/{rel}","templated":true}]}}