{"id":9586,"date":"2024-08-20T18:44:43","date_gmt":"2024-08-21T01:44:43","guid":{"rendered":"http:\/\/treintadias.com.mx\/?p=9586"},"modified":"2024-08-20T18:44:44","modified_gmt":"2024-08-21T01:44:44","slug":"preside-tono-astiazaran-convocatoria-a-la-mejor-edicion-en-la-historia-del-maraton-internacional-de-hermosillo","status":"publish","type":"post","link":"http:\/\/treintadias.com.mx\/?p=9586","title":{"rendered":"Preside To\u00f1o Astiazar\u00e1n convocatoria a la mejor edici\u00f3n en la historia del Marat\u00f3n Internacional de Hermosillo"},"content":{"rendered":"<p><strong><em>El pr\u00f3ximo 8 de diciembre la ciudad ofrecer\u00e1 sus mejores atractivos a atletas y visitantes<\/em><\/strong><\/p>\n<p>Con todo el respaldo log\u00edstico, de seguridad y promoci\u00f3n por parte del Gobierno Municipal, se prepara para el pr\u00f3ximo 8 de diciembre el Marat\u00f3n Internacional Hermosillo 2024, que incluye una carrera con causa en beneficio de 3 instituciones altruistas de la localidad.<\/p>\n<p>El Presidente Municipal Antonio Astiazar\u00e1n Guti\u00e9rrez encabez\u00f3 el anuncio oficial del evento junto con Adolfo Cota Monta\u00f1o, presidente del comit\u00e9 organizador y el m\u00e9dico psiquiatra Fernando P\u00e9rez Beltr\u00e1n, a quien se dedicar\u00e1 un homenaje en esta octava edici\u00f3n por sus m\u00e9ritos profesionales y deportivos.<\/p>\n<p>To\u00f1o Astiazar\u00e1n consider\u00f3 que actividades de esta talla, que atraen a visitantes de todo el estado, el pa\u00eds y del extranjero, sin duda contribuyen a la promoci\u00f3n tur\u00edstica de la ciudad y sus muchos atractivos, pero tambi\u00e9n promueven un clima familiar y de convivencia que es motivo de orgullo para todas y todos.<\/p>\n<p><em>\u201cPor eso desde el Gobierno Municipal estaremos apoyando en todo, tanto en la parte de seguridad, como en la parte de promoci\u00f3n y haremos equipo con el comit\u00e9 organizador para que sea esta, la octava edici\u00f3n, la mejor de todas las que hemos tenido en este marat\u00f3n internacional\u201d<\/em>, afirm\u00f3.<\/p>\n<p>Quienes participen en alguno de los recorridos disponibles, de 5, 10, 21 y 42 kil\u00f3metros en las diferentes categor\u00edas, competir\u00e1n por premios econ\u00f3micos que suman 500 mil pesos y conocer\u00e1n lugares emblem\u00e1ticos de la localidad como el complejo deportivo El C\u00e1rcamo y el Parque Madero, se inform\u00f3.<\/p>\n<p>La invitaci\u00f3n est\u00e1 abierta a \u00a0las federaciones deportivas nacionales e internacionales, asociaciones estatales, organismos, instituciones, clubes deportivos, p\u00fablicos y privados, as\u00ed como el p\u00fablico en general inscribirse desde la plataforma\u00a0<a href=\"https:\/\/maratondehermosillo.com\/\" target=\"_blank\" rel=\"noopener\" data-saferedirecturl=\"https:\/\/www.google.com\/url?q=https:\/\/maratondehermosillo.com\/&amp;source=gmail&amp;ust=1724290911531000&amp;usg=AOvVaw0m7-COLi_fnWWd03BvCOUu\">https:\/\/maratondehermosillo.<wbr \/>com\/<\/a>.<\/p>\n<p>Los recursos producto de la cuota de inscripci\u00f3n de la Carrera con Causa que se celebrar\u00e1 en el marco del Marat\u00f3n Internacional se destinar\u00e1 a las instituciones Albergue Luz Valencia, la Fundaci\u00f3n Navarrete y la Fundaci\u00f3n Por un Mejor Andar.<\/p>\n<p>En el anuncio de esta justa deportiva participaron tambi\u00e9n Armando Labrada, director del Instituto del Deporte de Hermosillo (IDH); Adri\u00e1n Soria, director de la Empresa M\u00e1rcate &#8220;Cronometraje de Carreras y Marta Arteaga Gonz\u00e1lez, directora de la agencia de viajes Palo Verde, quien adelant\u00f3 que se preparan atractivas promociones para las y los participantes que se inscriban por parte de esta empresa.<\/p>\n<div><\/div>\n<div>Liga de video:<\/div>\n<div><a href=\"https:\/\/we.tl\/t-3zpDxTKlJh\" target=\"_blank\" rel=\"noopener\" data-saferedirecturl=\"https:\/\/www.google.com\/url?q=https:\/\/we.tl\/t-3zpDxTKlJh&amp;source=gmail&amp;ust=1724290911531000&amp;usg=AOvVaw0IY49HveCh3T487CQnhpv-\">https:\/\/we.tl\/t-3zpDxTKlJh<\/a><\/div>\n","protected":false},"excerpt":{"rendered":"<p>El pr\u00f3ximo 8 de diciembre la ciudad ofrecer\u00e1 sus mejores atractivos a atletas y visitantes Con todo el respaldo log\u00edstico, de seguridad y promoci\u00f3n por parte del Gobierno Municipal, se prepara para el pr\u00f3ximo 8 de diciembre el Marat\u00f3n Internacional Hermosillo 2024, que incluye una carrera con causa en beneficio de 3 instituciones altruistas de la localidad. El Presidente Municipal Antonio Astiazar\u00e1n Guti\u00e9rrez encabez\u00f3 el anuncio oficial del evento junto con Adolfo Cota Monta\u00f1o, presidente del comit\u00e9 organizador y el m\u00e9dico psiquiatra Fernando P\u00e9rez Beltr\u00e1n, a quien se dedicar\u00e1 un homenaje en esta octava edici\u00f3n por sus m\u00e9ritos profesionales y&#8230;  <a class=\"excerpt-read-more\" href=\"http:\/\/treintadias.com.mx\/?p=9586\" title=\"Leer Preside To\u00f1o Astiazar\u00e1n convocatoria a la mejor edici\u00f3n en la historia del Marat\u00f3n Internacional de Hermosillo\">Seguir leyendo &raquo;<\/a><\/p>\n","protected":false},"author":1,"featured_media":9587,"comment_status":"open","ping_status":"open","sticky":false,"template":"","format":"standard","meta":[],"categories":[39],"tags":[],"_links":{"self":[{"href":"http:\/\/treintadias.com.mx\/index.php?rest_route=\/wp\/v2\/posts\/9586"}],"collection":[{"href":"http:\/\/treintadias.com.mx\/index.php?rest_route=\/wp\/v2\/posts"}],"about":[{"href":"http:\/\/treintadias.com.mx\/index.php?rest_route=\/wp\/v2\/types\/post"}],"author":[{"embeddable":true,"href":"http:\/\/treintadias.com.mx\/index.php?rest_route=\/wp\/v2\/users\/1"}],"replies":[{"embeddable":true,"href":"http:\/\/treintadias.com.mx\/index.php?rest_route=%2Fwp%2Fv2%2Fcomments&post=9586"}],"version-history":[{"count":1,"href":"http:\/\/treintadias.com.mx\/index.php?rest_route=\/wp\/v2\/posts\/9586\/revisions"}],"predecessor-version":[{"id":9588,"href":"http:\/\/treintadias.com.mx\/index.php?rest_route=\/wp\/v2\/posts\/9586\/revisions\/9588"}],"wp:featuredmedia":[{"embeddable":true,"href":"http:\/\/treintadias.com.mx\/index.php?rest_route=\/wp\/v2\/media\/9587"}],"wp:attachment":[{"href":"http:\/\/treintadias.com.mx\/index.php?rest_route=%2Fwp%2Fv2%2Fmedia&parent=9586"}],"wp:term":[{"taxonomy":"category","embeddable":true,"href":"http:\/\/treintadias.com.mx\/index.php?rest_route=%2Fwp%2Fv2%2Fcategories&post=9586"},{"taxonomy":"post_tag","embeddable":true,"href":"http:\/\/treintadias.com.mx\/index.php?rest_route=%2Fwp%2Fv2%2Ftags&post=9586"}],"curies":[{"name":"wp","href":"https:\/\/api.w.org\/{rel}","templated":true}]}}