{"id":9426,"date":"2024-07-08T07:50:48","date_gmt":"2024-07-08T14:50:48","guid":{"rendered":"http:\/\/treintadias.com.mx\/?p=9426"},"modified":"2024-07-08T07:50:48","modified_gmt":"2024-07-08T14:50:48","slug":"acuerda-tono-astiazaran-con-titular-de-sedatu-mejoras-al-centro-cultural-agora","status":"publish","type":"post","link":"http:\/\/treintadias.com.mx\/?p=9426","title":{"rendered":"Acuerda To\u00f1o Astiazar\u00e1n con titular de SEDATU mejoras al Centro Cultural \u00c1gora"},"content":{"rendered":"<p><strong><em>El Presidente Municipal agradeci\u00f3 la disposici\u00f3n del titular de SEDATU para continuar el equipamiento del lugar<\/em><\/strong><\/p>\n<p>El Presidente Municipal, Antonio Astiazar\u00e1n agradeci\u00f3 al Gobierno Federal su disposici\u00f3n para analizar los detalles de construcci\u00f3n del Centro Cultural \u00c1gora y continuar con el equipamiento del recinto edificado como un espacio de acceso a eventos culturales y sano esparcimiento.<\/p>\n<p>Junto al Presidente Municipal, Antonio Astiazar\u00e1n Guti\u00e9rrez, el Secretario de Desarrollo Agrario Territorial y Urbano, SEDATU, Rom\u00e1n Meyer Falc\u00f3n, revis\u00f3 los requerimientos de la construcci\u00f3n para iniciar con las actividades culturales para las que originalmente se dise\u00f1\u00f3.<\/p>\n<p>As\u00ed, se revisaron las condiciones de los equipos de enfriamiento, la construcci\u00f3n de un barandal y la filtraci\u00f3n de humedad en un sal\u00f3n, adem\u00e1s de la instalaci\u00f3n de energ\u00eda el\u00e9ctrica que alimenta al centro, la cual qued\u00f3 subsanada con la construcci\u00f3n un nuevo centro de carga que tuvo un costo de poco m\u00e1s de 2 millones de pesos, inversi\u00f3n directa del Municipio.<\/p>\n<p>Se contempla hacer v\u00e1lida la garant\u00eda de vicios ocultos con el contratista que gan\u00f3 la licitaci\u00f3n de la obra para subsanar dichas condiciones.<\/p>\n<p>Rom\u00e1n Meyer Falc\u00f3n indic\u00f3 que buscar\u00e1n una soluci\u00f3n r\u00e1pida a la solicitud del Presidente Municipal y, a la brevedad posible, poner en marcha las actividades culturales.<\/p>\n<div><\/div>\n","protected":false},"excerpt":{"rendered":"<p>El Presidente Municipal agradeci\u00f3 la disposici\u00f3n del titular de SEDATU para continuar el equipamiento del lugar El Presidente Municipal, Antonio Astiazar\u00e1n agradeci\u00f3 al Gobierno Federal su disposici\u00f3n para analizar los detalles de construcci\u00f3n del Centro Cultural \u00c1gora y continuar con el equipamiento del recinto edificado como un espacio de acceso a eventos culturales y sano esparcimiento. Junto al Presidente Municipal, Antonio Astiazar\u00e1n Guti\u00e9rrez, el Secretario de Desarrollo Agrario Territorial y Urbano, SEDATU, Rom\u00e1n Meyer Falc\u00f3n, revis\u00f3 los requerimientos de la construcci\u00f3n para iniciar con las actividades culturales para las que originalmente se dise\u00f1\u00f3. As\u00ed, se revisaron las condiciones de los&#8230;  <a class=\"excerpt-read-more\" href=\"http:\/\/treintadias.com.mx\/?p=9426\" title=\"Leer Acuerda To\u00f1o Astiazar\u00e1n con titular de SEDATU mejoras al Centro Cultural \u00c1gora\">Seguir leyendo &raquo;<\/a><\/p>\n","protected":false},"author":1,"featured_media":9427,"comment_status":"open","ping_status":"open","sticky":false,"template":"","format":"aside","meta":[],"categories":[4],"tags":[],"_links":{"self":[{"href":"http:\/\/treintadias.com.mx\/index.php?rest_route=\/wp\/v2\/posts\/9426"}],"collection":[{"href":"http:\/\/treintadias.com.mx\/index.php?rest_route=\/wp\/v2\/posts"}],"about":[{"href":"http:\/\/treintadias.com.mx\/index.php?rest_route=\/wp\/v2\/types\/post"}],"author":[{"embeddable":true,"href":"http:\/\/treintadias.com.mx\/index.php?rest_route=\/wp\/v2\/users\/1"}],"replies":[{"embeddable":true,"href":"http:\/\/treintadias.com.mx\/index.php?rest_route=%2Fwp%2Fv2%2Fcomments&post=9426"}],"version-history":[{"count":1,"href":"http:\/\/treintadias.com.mx\/index.php?rest_route=\/wp\/v2\/posts\/9426\/revisions"}],"predecessor-version":[{"id":9428,"href":"http:\/\/treintadias.com.mx\/index.php?rest_route=\/wp\/v2\/posts\/9426\/revisions\/9428"}],"wp:featuredmedia":[{"embeddable":true,"href":"http:\/\/treintadias.com.mx\/index.php?rest_route=\/wp\/v2\/media\/9427"}],"wp:attachment":[{"href":"http:\/\/treintadias.com.mx\/index.php?rest_route=%2Fwp%2Fv2%2Fmedia&parent=9426"}],"wp:term":[{"taxonomy":"category","embeddable":true,"href":"http:\/\/treintadias.com.mx\/index.php?rest_route=%2Fwp%2Fv2%2Fcategories&post=9426"},{"taxonomy":"post_tag","embeddable":true,"href":"http:\/\/treintadias.com.mx\/index.php?rest_route=%2Fwp%2Fv2%2Ftags&post=9426"}],"curies":[{"name":"wp","href":"https:\/\/api.w.org\/{rel}","templated":true}]}}